{"id":3115,"date":"2022-02-27T18:42:00","date_gmt":"2022-02-27T18:42:00","guid":{"rendered":"https:\/\/ec-weinfelden.ch\/?p=3115"},"modified":"2023-01-18T08:40:03","modified_gmt":"2023-01-18T08:40:03","slug":"fasnacht-on-ice-2022","status":"publish","type":"post","link":"https:\/\/ec-weinfelden.ch\/index.php\/2022\/02\/27\/fasnacht-on-ice-2022\/","title":{"rendered":"Fasnacht on Ice 2022"},"content":{"rendered":"\t\t<div data-elementor-type=\"wp-post\" data-elementor-id=\"3115\" class=\"elementor elementor-3115\" data-elementor-post-type=\"post\">\n\t\t\t\t\t\t<section class=\"elementor-section elementor-top-section elementor-element elementor-element-5006b022 elementor-section-boxed elementor-section-height-default elementor-section-height-default\" data-id=\"5006b022\" data-element_type=\"section\" data-e-type=\"section\">\n\t\t\t\t\t\t<div class=\"elementor-container elementor-column-gap-default\">\n\t\t\t\t\t<div class=\"elementor-column elementor-col-100 elementor-top-column elementor-element elementor-element-59bcca30\" data-id=\"59bcca30\" data-element_type=\"column\" data-e-type=\"column\">\n\t\t\t<div class=\"elementor-widget-wrap elementor-element-populated\">\n\t\t\t\t\t\t<div class=\"elementor-element elementor-element-d7e4b77 elementor-widget elementor-widget-heading\" data-id=\"d7e4b77\" data-element_type=\"widget\" data-e-type=\"widget\" data-widget_type=\"heading.default\">\n\t\t\t\t<div class=\"elementor-widget-container\">\n\t\t\t\t\t<h2 class=\"elementor-heading-title elementor-size-default\">Fasnacht on Ice 2022<\/h2>\t\t\t\t<\/div>\n\t\t\t\t<\/div>\n\t\t\t\t<div class=\"elementor-element elementor-element-70cd13d7 elementor-widget elementor-widget-text-editor\" data-id=\"70cd13d7\" data-element_type=\"widget\" data-e-type=\"widget\" data-widget_type=\"text-editor.default\">\n\t\t\t\t<div class=\"elementor-widget-container\">\n\t\t\t\t\t\t\t\t\t\n<p>Am 20. Februar 2022 fand zum 1. Mal das &#8222;Fasnacht on Ice&#8220; statt. Die Freude stieg, als wir mit den Kindern ein Programm f\u00fcr das j\u00e4hrliche Schaulaufen einstudierten. Da die Corona-Regeln zu diesem Zeitpunkt sehr pr\u00e4sent waren, erschwerte uns das die Planung f\u00fcrs Schaulaufen. Aus diesem Grund beabsichtigen wir ein kleineres Schaulaufen zu organisieren mit dem Namen &#8222;Fasnacht on Ice&#8220;. Auch das vorausgeplante 60. Jubil\u00e4um mussten wir leider verschieben, da wir ein Jubil\u00e4um mit solchen Massnahmen nicht durchf\u00fchren m\u00f6chten. Aufgrund der 2G+ Regel konnte auch kein Buffet aufgestellt werden. Gl\u00fccklicherweise wurde wenige Tage vor dem Schaulaufen die 2G+ Regel aufgehoben und wir durften mit zahlreichen Besucherinnen und Besucher unser Fasnacht on Ice durchf\u00fchren. <br>Sch\u00f6n, dass so viele da waren. Wir erinnern uns gerne an diesen speziellen Tag zur\u00fcck. <\/p>\n\t\t\t\t\t\t\t\t<\/div>\n\t\t\t\t<\/div>\n\t\t\t\t\t<\/div>\n\t\t<\/div>\n\t\t\t\t\t<\/div>\n\t\t<\/section>\n\t\t\t\t<section class=\"elementor-section elementor-top-section elementor-element elementor-element-440ac0a elementor-section-boxed elementor-section-height-default elementor-section-height-default\" data-id=\"440ac0a\" data-element_type=\"section\" data-e-type=\"section\">\n\t\t\t\t\t\t<div class=\"elementor-container elementor-column-gap-default\">\n\t\t\t\t\t<div class=\"elementor-column elementor-col-100 elementor-top-column elementor-element elementor-element-dce0bfe\" data-id=\"dce0bfe\" data-element_type=\"column\" data-e-type=\"column\">\n\t\t\t<div class=\"elementor-widget-wrap elementor-element-populated\">\n\t\t\t\t\t\t<div class=\"elementor-element elementor-element-67aa3da elementor-widget elementor-widget-gallery\" data-id=\"67aa3da\" data-element_type=\"widget\" data-e-type=\"widget\" data-settings=\"{&quot;lazyload&quot;:&quot;yes&quot;,&quot;gallery_layout&quot;:&quot;grid&quot;,&quot;columns&quot;:4,&quot;columns_tablet&quot;:2,&quot;columns_mobile&quot;:1,&quot;gap&quot;:{&quot;unit&quot;:&quot;px&quot;,&quot;size&quot;:10,&quot;sizes&quot;:[]},&quot;gap_tablet&quot;:{&quot;unit&quot;:&quot;px&quot;,&quot;size&quot;:10,&quot;sizes&quot;:[]},&quot;gap_mobile&quot;:{&quot;unit&quot;:&quot;px&quot;,&quot;size&quot;:10,&quot;sizes&quot;:[]},&quot;link_to&quot;:&quot;file&quot;,&quot;aspect_ratio&quot;:&quot;3:2&quot;,&quot;overlay_background&quot;:&quot;yes&quot;,&quot;content_hover_animation&quot;:&quot;fade-in&quot;}\" data-widget_type=\"gallery.default\">\n\t\t\t\t<div class=\"elementor-widget-container\">\n\t\t\t\t\t\t\t<div class=\"elementor-gallery__container\">\n\t\t\t\t\t\t\t<a class=\"e-gallery-item elementor-gallery-item elementor-animated-content\" href=\"https:\/\/ec-weinfelden.ch\/wp-content\/uploads\/2022\/04\/Fasnacht-on-Ice-2022.jpeg\" data-elementor-open-lightbox=\"yes\" data-elementor-lightbox-slideshow=\"67aa3da\" data-elementor-lightbox-title=\"Fasnacht on Ice 2022\" data-e-action-hash=\"#elementor-action%3Aaction%3Dlightbox%26settings%3DeyJpZCI6MzEzMiwidXJsIjoiaHR0cHM6XC9cL2VjLXdlaW5mZWxkZW4uY2hcL3dwLWNvbnRlbnRcL3VwbG9hZHNcLzIwMjJcLzA0XC9GYXNuYWNodC1vbi1JY2UtMjAyMi5qcGVnIiwic2xpZGVzaG93IjoiNjdhYTNkYSJ9\">\n\t\t\t\t\t<div class=\"e-gallery-image elementor-gallery-item__image\" data-thumbnail=\"https:\/\/ec-weinfelden.ch\/wp-content\/uploads\/2022\/04\/Fasnacht-on-Ice-2022-300x200.jpeg\" data-width=\"300\" data-height=\"200\" aria-label=\"\" role=\"img\" ><\/div>\n\t\t\t\t\t\t\t\t\t\t\t<div class=\"elementor-gallery-item__overlay\"><\/div>\n\t\t\t\t\t\t\t\t\t\t\t\t\t\t<\/a>\n\t\t\t\t\t\t\t<a class=\"e-gallery-item elementor-gallery-item elementor-animated-content\" href=\"https:\/\/ec-weinfelden.ch\/wp-content\/uploads\/2022\/04\/Fasnacht-on-Ice-2022-2.jpeg\" data-elementor-open-lightbox=\"yes\" data-elementor-lightbox-slideshow=\"67aa3da\" data-elementor-lightbox-title=\"Fasnacht on Ice 2022 (2)\" data-e-action-hash=\"#elementor-action%3Aaction%3Dlightbox%26settings%3DeyJpZCI6MzEzMSwidXJsIjoiaHR0cHM6XC9cL2VjLXdlaW5mZWxkZW4uY2hcL3dwLWNvbnRlbnRcL3VwbG9hZHNcLzIwMjJcLzA0XC9GYXNuYWNodC1vbi1JY2UtMjAyMi0yLmpwZWciLCJzbGlkZXNob3ciOiI2N2FhM2RhIn0%3D\">\n\t\t\t\t\t<div class=\"e-gallery-image elementor-gallery-item__image\" data-thumbnail=\"https:\/\/ec-weinfelden.ch\/wp-content\/uploads\/2022\/04\/Fasnacht-on-Ice-2022-2-300x200.jpeg\" data-width=\"300\" data-height=\"200\" aria-label=\"\" role=\"img\" ><\/div>\n\t\t\t\t\t\t\t\t\t\t\t<div class=\"elementor-gallery-item__overlay\"><\/div>\n\t\t\t\t\t\t\t\t\t\t\t\t\t\t<\/a>\n\t\t\t\t\t\t\t<a class=\"e-gallery-item elementor-gallery-item elementor-animated-content\" href=\"https:\/\/ec-weinfelden.ch\/wp-content\/uploads\/2022\/04\/Fasnacht-on-Ice-2022-3.jpeg\" data-elementor-open-lightbox=\"yes\" data-elementor-lightbox-slideshow=\"67aa3da\" data-elementor-lightbox-title=\"Fasnacht on Ice 2022 (3)\" data-e-action-hash=\"#elementor-action%3Aaction%3Dlightbox%26settings%3DeyJpZCI6MzEzMCwidXJsIjoiaHR0cHM6XC9cL2VjLXdlaW5mZWxkZW4uY2hcL3dwLWNvbnRlbnRcL3VwbG9hZHNcLzIwMjJcLzA0XC9GYXNuYWNodC1vbi1JY2UtMjAyMi0zLmpwZWciLCJzbGlkZXNob3ciOiI2N2FhM2RhIn0%3D\">\n\t\t\t\t\t<div class=\"e-gallery-image elementor-gallery-item__image\" data-thumbnail=\"https:\/\/ec-weinfelden.ch\/wp-content\/uploads\/2022\/04\/Fasnacht-on-Ice-2022-3-300x200.jpeg\" data-width=\"300\" data-height=\"200\" aria-label=\"\" role=\"img\" ><\/div>\n\t\t\t\t\t\t\t\t\t\t\t<div class=\"elementor-gallery-item__overlay\"><\/div>\n\t\t\t\t\t\t\t\t\t\t\t\t\t\t<\/a>\n\t\t\t\t\t\t\t<a class=\"e-gallery-item elementor-gallery-item elementor-animated-content\" href=\"https:\/\/ec-weinfelden.ch\/wp-content\/uploads\/2022\/04\/Fasnacht-on-Ice-2022-4.jpeg\" data-elementor-open-lightbox=\"yes\" data-elementor-lightbox-slideshow=\"67aa3da\" data-elementor-lightbox-title=\"Fasnacht on Ice 2022 (4)\" data-e-action-hash=\"#elementor-action%3Aaction%3Dlightbox%26settings%3DeyJpZCI6MzEyOSwidXJsIjoiaHR0cHM6XC9cL2VjLXdlaW5mZWxkZW4uY2hcL3dwLWNvbnRlbnRcL3VwbG9hZHNcLzIwMjJcLzA0XC9GYXNuYWNodC1vbi1JY2UtMjAyMi00LmpwZWciLCJzbGlkZXNob3ciOiI2N2FhM2RhIn0%3D\">\n\t\t\t\t\t<div class=\"e-gallery-image elementor-gallery-item__image\" data-thumbnail=\"https:\/\/ec-weinfelden.ch\/wp-content\/uploads\/2022\/04\/Fasnacht-on-Ice-2022-4-300x200.jpeg\" data-width=\"300\" data-height=\"200\" aria-label=\"\" role=\"img\" ><\/div>\n\t\t\t\t\t\t\t\t\t\t\t<div class=\"elementor-gallery-item__overlay\"><\/div>\n\t\t\t\t\t\t\t\t\t\t\t\t\t\t<\/a>\n\t\t\t\t\t\t\t<a class=\"e-gallery-item elementor-gallery-item elementor-animated-content\" href=\"https:\/\/ec-weinfelden.ch\/wp-content\/uploads\/2022\/04\/Fasnacht-on-Ice-2022-5.jpeg\" data-elementor-open-lightbox=\"yes\" data-elementor-lightbox-slideshow=\"67aa3da\" data-elementor-lightbox-title=\"Fasnacht on Ice 2022 (5)\" data-e-action-hash=\"#elementor-action%3Aaction%3Dlightbox%26settings%3DeyJpZCI6MzEyOCwidXJsIjoiaHR0cHM6XC9cL2VjLXdlaW5mZWxkZW4uY2hcL3dwLWNvbnRlbnRcL3VwbG9hZHNcLzIwMjJcLzA0XC9GYXNuYWNodC1vbi1JY2UtMjAyMi01LmpwZWciLCJzbGlkZXNob3ciOiI2N2FhM2RhIn0%3D\">\n\t\t\t\t\t<div class=\"e-gallery-image elementor-gallery-item__image\" data-thumbnail=\"https:\/\/ec-weinfelden.ch\/wp-content\/uploads\/2022\/04\/Fasnacht-on-Ice-2022-5-200x300.jpeg\" data-width=\"200\" data-height=\"300\" aria-label=\"\" role=\"img\" ><\/div>\n\t\t\t\t\t\t\t\t\t\t\t<div class=\"elementor-gallery-item__overlay\"><\/div>\n\t\t\t\t\t\t\t\t\t\t\t\t\t\t<\/a>\n\t\t\t\t\t\t\t<a class=\"e-gallery-item elementor-gallery-item elementor-animated-content\" href=\"https:\/\/ec-weinfelden.ch\/wp-content\/uploads\/2022\/04\/Fasnacht-on-Ice-2022-6.jpeg\" data-elementor-open-lightbox=\"yes\" data-elementor-lightbox-slideshow=\"67aa3da\" data-elementor-lightbox-title=\"Fasnacht on Ice 2022 (6)\" data-e-action-hash=\"#elementor-action%3Aaction%3Dlightbox%26settings%3DeyJpZCI6MzEyNywidXJsIjoiaHR0cHM6XC9cL2VjLXdlaW5mZWxkZW4uY2hcL3dwLWNvbnRlbnRcL3VwbG9hZHNcLzIwMjJcLzA0XC9GYXNuYWNodC1vbi1JY2UtMjAyMi02LmpwZWciLCJzbGlkZXNob3ciOiI2N2FhM2RhIn0%3D\">\n\t\t\t\t\t<div class=\"e-gallery-image elementor-gallery-item__image\" data-thumbnail=\"https:\/\/ec-weinfelden.ch\/wp-content\/uploads\/2022\/04\/Fasnacht-on-Ice-2022-6-300x200.jpeg\" data-width=\"300\" data-height=\"200\" aria-label=\"\" role=\"img\" ><\/div>\n\t\t\t\t\t\t\t\t\t\t\t<div class=\"elementor-gallery-item__overlay\"><\/div>\n\t\t\t\t\t\t\t\t\t\t\t\t\t\t<\/a>\n\t\t\t\t\t\t\t<a class=\"e-gallery-item elementor-gallery-item elementor-animated-content\" href=\"https:\/\/ec-weinfelden.ch\/wp-content\/uploads\/2022\/04\/Fasnacht-on-Ice-2022-7-1.jpeg\" data-elementor-open-lightbox=\"yes\" data-elementor-lightbox-slideshow=\"67aa3da\" data-elementor-lightbox-title=\"Fasnacht on Ice 2022 (7)\" data-e-action-hash=\"#elementor-action%3Aaction%3Dlightbox%26settings%3DeyJpZCI6MzEyNiwidXJsIjoiaHR0cHM6XC9cL2VjLXdlaW5mZWxkZW4uY2hcL3dwLWNvbnRlbnRcL3VwbG9hZHNcLzIwMjJcLzA0XC9GYXNuYWNodC1vbi1JY2UtMjAyMi03LTEuanBlZyIsInNsaWRlc2hvdyI6IjY3YWEzZGEifQ%3D%3D\">\n\t\t\t\t\t<div class=\"e-gallery-image elementor-gallery-item__image\" data-thumbnail=\"https:\/\/ec-weinfelden.ch\/wp-content\/uploads\/2022\/04\/Fasnacht-on-Ice-2022-7-1-300x200.jpeg\" data-width=\"300\" data-height=\"200\" aria-label=\"\" role=\"img\" ><\/div>\n\t\t\t\t\t\t\t\t\t\t\t<div class=\"elementor-gallery-item__overlay\"><\/div>\n\t\t\t\t\t\t\t\t\t\t\t\t\t\t<\/a>\n\t\t\t\t\t\t\t<a class=\"e-gallery-item elementor-gallery-item elementor-animated-content\" href=\"https:\/\/ec-weinfelden.ch\/wp-content\/uploads\/2022\/04\/Fasnacht-on-Ice-2022-8.jpeg\" data-elementor-open-lightbox=\"yes\" data-elementor-lightbox-slideshow=\"67aa3da\" data-elementor-lightbox-title=\"Fasnacht on Ice 2022 (8)\" data-e-action-hash=\"#elementor-action%3Aaction%3Dlightbox%26settings%3DeyJpZCI6MzEyNSwidXJsIjoiaHR0cHM6XC9cL2VjLXdlaW5mZWxkZW4uY2hcL3dwLWNvbnRlbnRcL3VwbG9hZHNcLzIwMjJcLzA0XC9GYXNuYWNodC1vbi1JY2UtMjAyMi04LmpwZWciLCJzbGlkZXNob3ciOiI2N2FhM2RhIn0%3D\">\n\t\t\t\t\t<div class=\"e-gallery-image elementor-gallery-item__image\" data-thumbnail=\"https:\/\/ec-weinfelden.ch\/wp-content\/uploads\/2022\/04\/Fasnacht-on-Ice-2022-8-300x200.jpeg\" data-width=\"300\" data-height=\"200\" aria-label=\"\" role=\"img\" ><\/div>\n\t\t\t\t\t\t\t\t\t\t\t<div class=\"elementor-gallery-item__overlay\"><\/div>\n\t\t\t\t\t\t\t\t\t\t\t\t\t\t<\/a>\n\t\t\t\t\t\t\t<a class=\"e-gallery-item elementor-gallery-item elementor-animated-content\" href=\"https:\/\/ec-weinfelden.ch\/wp-content\/uploads\/2022\/04\/Fasnacht-on-Ice-2022-9.jpeg\" data-elementor-open-lightbox=\"yes\" data-elementor-lightbox-slideshow=\"67aa3da\" data-elementor-lightbox-title=\"Fasnacht on Ice 2022 (9)\" data-e-action-hash=\"#elementor-action%3Aaction%3Dlightbox%26settings%3DeyJpZCI6MzEyNCwidXJsIjoiaHR0cHM6XC9cL2VjLXdlaW5mZWxkZW4uY2hcL3dwLWNvbnRlbnRcL3VwbG9hZHNcLzIwMjJcLzA0XC9GYXNuYWNodC1vbi1JY2UtMjAyMi05LmpwZWciLCJzbGlkZXNob3ciOiI2N2FhM2RhIn0%3D\">\n\t\t\t\t\t<div class=\"e-gallery-image elementor-gallery-item__image\" data-thumbnail=\"https:\/\/ec-weinfelden.ch\/wp-content\/uploads\/2022\/04\/Fasnacht-on-Ice-2022-9-300x200.jpeg\" data-width=\"300\" data-height=\"200\" aria-label=\"\" role=\"img\" ><\/div>\n\t\t\t\t\t\t\t\t\t\t\t<div class=\"elementor-gallery-item__overlay\"><\/div>\n\t\t\t\t\t\t\t\t\t\t\t\t\t\t<\/a>\n\t\t\t\t\t\t\t<a class=\"e-gallery-item elementor-gallery-item elementor-animated-content\" href=\"https:\/\/ec-weinfelden.ch\/wp-content\/uploads\/2022\/04\/Fasnacht-on-Ice-2022-10.jpeg\" data-elementor-open-lightbox=\"yes\" data-elementor-lightbox-slideshow=\"67aa3da\" data-elementor-lightbox-title=\"Fasnacht on Ice 2022 (10)\" data-e-action-hash=\"#elementor-action%3Aaction%3Dlightbox%26settings%3DeyJpZCI6MzEyMywidXJsIjoiaHR0cHM6XC9cL2VjLXdlaW5mZWxkZW4uY2hcL3dwLWNvbnRlbnRcL3VwbG9hZHNcLzIwMjJcLzA0XC9GYXNuYWNodC1vbi1JY2UtMjAyMi0xMC5qcGVnIiwic2xpZGVzaG93IjoiNjdhYTNkYSJ9\">\n\t\t\t\t\t<div class=\"e-gallery-image elementor-gallery-item__image\" data-thumbnail=\"https:\/\/ec-weinfelden.ch\/wp-content\/uploads\/2022\/04\/Fasnacht-on-Ice-2022-10-300x200.jpeg\" data-width=\"300\" data-height=\"200\" aria-label=\"\" role=\"img\" ><\/div>\n\t\t\t\t\t\t\t\t\t\t\t<div class=\"elementor-gallery-item__overlay\"><\/div>\n\t\t\t\t\t\t\t\t\t\t\t\t\t\t<\/a>\n\t\t\t\t\t\t\t<a class=\"e-gallery-item elementor-gallery-item elementor-animated-content\" href=\"https:\/\/ec-weinfelden.ch\/wp-content\/uploads\/2022\/04\/Fasnacht-on-Ice-2022-11.jpeg\" data-elementor-open-lightbox=\"yes\" data-elementor-lightbox-slideshow=\"67aa3da\" data-elementor-lightbox-title=\"Fasnacht on Ice 2022 (11)\" data-e-action-hash=\"#elementor-action%3Aaction%3Dlightbox%26settings%3DeyJpZCI6MzEyMiwidXJsIjoiaHR0cHM6XC9cL2VjLXdlaW5mZWxkZW4uY2hcL3dwLWNvbnRlbnRcL3VwbG9hZHNcLzIwMjJcLzA0XC9GYXNuYWNodC1vbi1JY2UtMjAyMi0xMS5qcGVnIiwic2xpZGVzaG93IjoiNjdhYTNkYSJ9\">\n\t\t\t\t\t<div class=\"e-gallery-image elementor-gallery-item__image\" data-thumbnail=\"https:\/\/ec-weinfelden.ch\/wp-content\/uploads\/2022\/04\/Fasnacht-on-Ice-2022-11-300x200.jpeg\" data-width=\"300\" data-height=\"200\" aria-label=\"\" role=\"img\" ><\/div>\n\t\t\t\t\t\t\t\t\t\t\t<div class=\"elementor-gallery-item__overlay\"><\/div>\n\t\t\t\t\t\t\t\t\t\t\t\t\t\t<\/a>\n\t\t\t\t\t\t\t<a class=\"e-gallery-item elementor-gallery-item elementor-animated-content\" href=\"https:\/\/ec-weinfelden.ch\/wp-content\/uploads\/2022\/04\/Fasnacht-on-Ice-2022-12.jpeg\" data-elementor-open-lightbox=\"yes\" data-elementor-lightbox-slideshow=\"67aa3da\" data-elementor-lightbox-title=\"Fasnacht on Ice 2022 (12)\" data-e-action-hash=\"#elementor-action%3Aaction%3Dlightbox%26settings%3DeyJpZCI6MzEyMSwidXJsIjoiaHR0cHM6XC9cL2VjLXdlaW5mZWxkZW4uY2hcL3dwLWNvbnRlbnRcL3VwbG9hZHNcLzIwMjJcLzA0XC9GYXNuYWNodC1vbi1JY2UtMjAyMi0xMi5qcGVnIiwic2xpZGVzaG93IjoiNjdhYTNkYSJ9\">\n\t\t\t\t\t<div class=\"e-gallery-image elementor-gallery-item__image\" data-thumbnail=\"https:\/\/ec-weinfelden.ch\/wp-content\/uploads\/2022\/04\/Fasnacht-on-Ice-2022-12-300x200.jpeg\" data-width=\"300\" data-height=\"200\" aria-label=\"\" role=\"img\" ><\/div>\n\t\t\t\t\t\t\t\t\t\t\t<div class=\"elementor-gallery-item__overlay\"><\/div>\n\t\t\t\t\t\t\t\t\t\t\t\t\t\t<\/a>\n\t\t\t\t\t\t\t<a class=\"e-gallery-item elementor-gallery-item elementor-animated-content\" href=\"https:\/\/ec-weinfelden.ch\/wp-content\/uploads\/2022\/04\/Fasnacht-on-Ice-2022-13.jpeg\" data-elementor-open-lightbox=\"yes\" data-elementor-lightbox-slideshow=\"67aa3da\" data-elementor-lightbox-title=\"Fasnacht on Ice 2022 (13)\" data-e-action-hash=\"#elementor-action%3Aaction%3Dlightbox%26settings%3DeyJpZCI6MzEyMCwidXJsIjoiaHR0cHM6XC9cL2VjLXdlaW5mZWxkZW4uY2hcL3dwLWNvbnRlbnRcL3VwbG9hZHNcLzIwMjJcLzA0XC9GYXNuYWNodC1vbi1JY2UtMjAyMi0xMy5qcGVnIiwic2xpZGVzaG93IjoiNjdhYTNkYSJ9\">\n\t\t\t\t\t<div class=\"e-gallery-image elementor-gallery-item__image\" data-thumbnail=\"https:\/\/ec-weinfelden.ch\/wp-content\/uploads\/2022\/04\/Fasnacht-on-Ice-2022-13-300x200.jpeg\" data-width=\"300\" data-height=\"200\" aria-label=\"\" role=\"img\" ><\/div>\n\t\t\t\t\t\t\t\t\t\t\t<div class=\"elementor-gallery-item__overlay\"><\/div>\n\t\t\t\t\t\t\t\t\t\t\t\t\t\t<\/a>\n\t\t\t\t\t\t\t<a class=\"e-gallery-item elementor-gallery-item elementor-animated-content\" href=\"https:\/\/ec-weinfelden.ch\/wp-content\/uploads\/2022\/04\/Fasnacht-on-Ice-2022-14.jpeg\" data-elementor-open-lightbox=\"yes\" data-elementor-lightbox-slideshow=\"67aa3da\" data-elementor-lightbox-title=\"Fasnacht on Ice 2022 (14)\" data-e-action-hash=\"#elementor-action%3Aaction%3Dlightbox%26settings%3DeyJpZCI6MzExOSwidXJsIjoiaHR0cHM6XC9cL2VjLXdlaW5mZWxkZW4uY2hcL3dwLWNvbnRlbnRcL3VwbG9hZHNcLzIwMjJcLzA0XC9GYXNuYWNodC1vbi1JY2UtMjAyMi0xNC5qcGVnIiwic2xpZGVzaG93IjoiNjdhYTNkYSJ9\">\n\t\t\t\t\t<div class=\"e-gallery-image elementor-gallery-item__image\" data-thumbnail=\"https:\/\/ec-weinfelden.ch\/wp-content\/uploads\/2022\/04\/Fasnacht-on-Ice-2022-14-300x200.jpeg\" data-width=\"300\" data-height=\"200\" aria-label=\"\" role=\"img\" ><\/div>\n\t\t\t\t\t\t\t\t\t\t\t<div class=\"elementor-gallery-item__overlay\"><\/div>\n\t\t\t\t\t\t\t\t\t\t\t\t\t\t<\/a>\n\t\t\t\t\t\t\t<a class=\"e-gallery-item elementor-gallery-item elementor-animated-content\" href=\"https:\/\/ec-weinfelden.ch\/wp-content\/uploads\/2022\/04\/Fasnacht-on-Ice-2022-15.jpeg\" data-elementor-open-lightbox=\"yes\" data-elementor-lightbox-slideshow=\"67aa3da\" data-elementor-lightbox-title=\"Fasnacht on Ice 2022 (15)\" data-e-action-hash=\"#elementor-action%3Aaction%3Dlightbox%26settings%3DeyJpZCI6MzExOCwidXJsIjoiaHR0cHM6XC9cL2VjLXdlaW5mZWxkZW4uY2hcL3dwLWNvbnRlbnRcL3VwbG9hZHNcLzIwMjJcLzA0XC9GYXNuYWNodC1vbi1JY2UtMjAyMi0xNS5qcGVnIiwic2xpZGVzaG93IjoiNjdhYTNkYSJ9\">\n\t\t\t\t\t<div class=\"e-gallery-image elementor-gallery-item__image\" data-thumbnail=\"https:\/\/ec-weinfelden.ch\/wp-content\/uploads\/2022\/04\/Fasnacht-on-Ice-2022-15-300x200.jpeg\" data-width=\"300\" data-height=\"200\" aria-label=\"\" role=\"img\" ><\/div>\n\t\t\t\t\t\t\t\t\t\t\t<div class=\"elementor-gallery-item__overlay\"><\/div>\n\t\t\t\t\t\t\t\t\t\t\t\t\t\t<\/a>\n\t\t\t\t\t\t\t<a class=\"e-gallery-item elementor-gallery-item elementor-animated-content\" href=\"https:\/\/ec-weinfelden.ch\/wp-content\/uploads\/2022\/04\/Fasnacht-on-Ice-2022-16.jpeg\" data-elementor-open-lightbox=\"yes\" data-elementor-lightbox-slideshow=\"67aa3da\" data-elementor-lightbox-title=\"Fasnacht on Ice 2022 (16)\" data-e-action-hash=\"#elementor-action%3Aaction%3Dlightbox%26settings%3DeyJpZCI6MzExNywidXJsIjoiaHR0cHM6XC9cL2VjLXdlaW5mZWxkZW4uY2hcL3dwLWNvbnRlbnRcL3VwbG9hZHNcLzIwMjJcLzA0XC9GYXNuYWNodC1vbi1JY2UtMjAyMi0xNi5qcGVnIiwic2xpZGVzaG93IjoiNjdhYTNkYSJ9\">\n\t\t\t\t\t<div class=\"e-gallery-image elementor-gallery-item__image\" data-thumbnail=\"https:\/\/ec-weinfelden.ch\/wp-content\/uploads\/2022\/04\/Fasnacht-on-Ice-2022-16-300x200.jpeg\" data-width=\"300\" data-height=\"200\" aria-label=\"\" role=\"img\" ><\/div>\n\t\t\t\t\t\t\t\t\t\t\t<div class=\"elementor-gallery-item__overlay\"><\/div>\n\t\t\t\t\t\t\t\t\t\t\t\t\t\t<\/a>\n\t\t\t\t\t\t\t<a class=\"e-gallery-item elementor-gallery-item elementor-animated-content\" href=\"https:\/\/ec-weinfelden.ch\/wp-content\/uploads\/2022\/04\/Fasnacht-on-Ice-2022-7.jpeg\" data-elementor-open-lightbox=\"yes\" data-elementor-lightbox-slideshow=\"67aa3da\" data-elementor-lightbox-title=\"Fasnacht on Ice 2022 (7)\" data-e-action-hash=\"#elementor-action%3Aaction%3Dlightbox%26settings%3DeyJpZCI6MzExNiwidXJsIjoiaHR0cHM6XC9cL2VjLXdlaW5mZWxkZW4uY2hcL3dwLWNvbnRlbnRcL3VwbG9hZHNcLzIwMjJcLzA0XC9GYXNuYWNodC1vbi1JY2UtMjAyMi03LmpwZWciLCJzbGlkZXNob3ciOiI2N2FhM2RhIn0%3D\">\n\t\t\t\t\t<div class=\"e-gallery-image elementor-gallery-item__image\" data-thumbnail=\"https:\/\/ec-weinfelden.ch\/wp-content\/uploads\/2022\/04\/Fasnacht-on-Ice-2022-7-300x200.jpeg\" data-width=\"300\" data-height=\"200\" aria-label=\"\" role=\"img\" ><\/div>\n\t\t\t\t\t\t\t\t\t\t\t<div class=\"elementor-gallery-item__overlay\"><\/div>\n\t\t\t\t\t\t\t\t\t\t\t\t\t\t<\/a>\n\t\t\t\t\t<\/div>\n\t\t\t\t\t<\/div>\n\t\t\t\t<\/div>\n\t\t\t\t\t<\/div>\n\t\t<\/div>\n\t\t\t\t\t<\/div>\n\t\t<\/section>\n\t\t\t\t<\/div>\n\t\t","protected":false},"excerpt":{"rendered":"<p>Am 20. Februar 2022 fand zum 1. Mal das &#8222;Fasnacht on Ice&#8220; statt.<\/p>\n","protected":false},"author":3,"featured_media":3126,"comment_status":"open","ping_status":"closed","sticky":false,"template":"","format":"standard","meta":{"footnotes":""},"categories":[1],"tags":[],"class_list":["post-3115","post","type-post","status-publish","format-standard","has-post-thumbnail","hentry","category-uncategorized"],"_links":{"self":[{"href":"https:\/\/ec-weinfelden.ch\/index.php\/wp-json\/wp\/v2\/posts\/3115","targetHints":{"allow":["GET"]}}],"collection":[{"href":"https:\/\/ec-weinfelden.ch\/index.php\/wp-json\/wp\/v2\/posts"}],"about":[{"href":"https:\/\/ec-weinfelden.ch\/index.php\/wp-json\/wp\/v2\/types\/post"}],"author":[{"embeddable":true,"href":"https:\/\/ec-weinfelden.ch\/index.php\/wp-json\/wp\/v2\/users\/3"}],"replies":[{"embeddable":true,"href":"https:\/\/ec-weinfelden.ch\/index.php\/wp-json\/wp\/v2\/comments?post=3115"}],"version-history":[{"count":10,"href":"https:\/\/ec-weinfelden.ch\/index.php\/wp-json\/wp\/v2\/posts\/3115\/revisions"}],"predecessor-version":[{"id":3793,"href":"https:\/\/ec-weinfelden.ch\/index.php\/wp-json\/wp\/v2\/posts\/3115\/revisions\/3793"}],"wp:featuredmedia":[{"embeddable":true,"href":"https:\/\/ec-weinfelden.ch\/index.php\/wp-json\/wp\/v2\/media\/3126"}],"wp:attachment":[{"href":"https:\/\/ec-weinfelden.ch\/index.php\/wp-json\/wp\/v2\/media?parent=3115"}],"wp:term":[{"taxonomy":"category","embeddable":true,"href":"https:\/\/ec-weinfelden.ch\/index.php\/wp-json\/wp\/v2\/categories?post=3115"},{"taxonomy":"post_tag","embeddable":true,"href":"https:\/\/ec-weinfelden.ch\/index.php\/wp-json\/wp\/v2\/tags?post=3115"}],"curies":[{"name":"wp","href":"https:\/\/api.w.org\/{rel}","templated":true}]}}